{"id":6533,"date":"2019-01-10T10:47:18","date_gmt":"2019-01-10T10:47:18","guid":{"rendered":"http:\/\/ollerbrokers.com\/?p=6533"},"modified":"2019-01-10T10:53:58","modified_gmt":"2019-01-10T10:53:58","slug":"assegurances-per-a-directius","status":"publish","type":"post","link":"https:\/\/ollerbrokers.com\/ca\/assegurances-per-a-directius\/","title":{"rendered":"Assegurances per a directius"},"content":{"rendered":"<p><span style=\"font-size: 12pt\">Cada vegada que t\u2019ascendeixen a la teva empresa, \u00e9s un reconeixement al teu esfor\u00e7, dedicaci\u00f3 i responsabilitat en les tasques assignades. Aquest ascens el celebres amb els teus, ja que suposa millor sou i m\u00e9s avantatges que repercutiran en un millor estatus social. Per\u00f2, t\u2019imagines perdre-ho tot? Les <strong>assegurances per a directius<\/strong> protegeixen el teu patrimoni.<\/span><\/p>\n<p><span style=\"font-size: 12pt\">Un directiu o administrador est\u00e0 exposat a reclamacions per part de tercers: accionistes, empleats, creditors, clients, etc. per actes incorrectes en l\u2019exercici de les seves funcions.<\/span><br \/>\n<span style=\"font-size: 12pt\">Aquestes reclamacions atempten directament contra el patrimoni personal d\u2019aquests directius, administradors i consellers.<\/span><\/p>\n<p><span style=\"font-size: 18pt\">Com poden ajudar-te les <strong>assegurances per a directius<\/strong>?<\/span><\/p>\n<p><span style=\"font-size: 12pt\">Actualment moltes persones amb c\u00e0rrecs de responsabilitat exigeixen que l\u2019empresa contracti una <strong>asseguran\u00e7a de Responsabilitat Civil de Directius i Administradors (D&amp;O)<\/strong> ja que suposa tranquil\u00b7litat en el seu dia a dia. Per a l\u2019empresa \u00e9s tamb\u00e9 un factor positiu ja que ret\u00e9 i capta talent. Les empreses necessiten directius que decideixin, que inverteixin i que arrisquin per poder cr\u00e9ixer, obtenir majors beneficis i aconseguir aix\u00ed la consecuci\u00f3 d\u2019objectius estrat\u00e8gics, per\u00f2 un directiu amb por no prendr\u00e0 aquestes decisions ni sortir\u00e0 de la seva zona de confort per por a possibles repres\u00e0lies contra el seu patrimoni i el benestar de la seva fam\u00edlia.<\/span><\/p>\n<p><span style=\"font-size: 12pt\">I si ets un directiu d\u2019una filial o participada, l\u2019<strong>asseguran\u00e7a de Responsabilitat Civil per a Directius i Administradors<\/strong> tamb\u00e9 et cobreix, des del moment en que aquesta societat ha passat a formar part de l\u2019organigrama de l\u2019empresa Holding.<\/span><\/p>\n<p><span style=\"font-size: 12pt\">Aquesta cobertura s\u2019est\u00e9n tamb\u00e9 a les persones de c\u00e0rrecs intermedis o responsables de planta. Per exemple, una persona encarregada del departament de Recursos Humans, durant un proc\u00e9s de selecci\u00f3, rebutja a diversos candidats. Un d\u2019ells presenta una reclamaci\u00f3 perqu\u00e8 creu que ha rebut un tracte discriminatori pel seu color de pell, sexe, idioma, etc. i aquesta reclamaci\u00f3 la presenta directament contra la persona que el va entrevistar. Les <strong>assegurances per a directius <\/strong>tamb\u00e9 cobreixen aquest tipus de reclamacions, ja que s\u2019estenen a qualsevol empleat en cas de reclamacions en mat\u00e8ria laboral.<\/span><\/p>\n<p><span style=\"font-size: 12pt\">I l\u2019empresa? Hi ha alguna cobertura per a l\u2019empresa? Dins de l\u2019asseguran\u00e7a de <strong><a href=\"https:\/\/ollerbrokers.com\/ca\/assegurances-empreses\/responsabilitat-civil\/directius\/\"><span style=\"text-decoration: underline\">Responsabilitat Civil de <\/span><\/a><u><strong>D<\/strong>irectius i Administradors queda coberta la Responsabilitat Corporativa de l\u2019Empresa.<br \/>\n<\/u><\/strong>T\u2019imagines una persona jur\u00eddica a la pres\u00f3? Inimaginable, no? Doncs el Codi Penal (Article 31 bis) estableix la responsabilitat penal de societats mercantils i persones jur\u00eddiques per les actuacions doloses i imprudents d\u2019empleats i directius, el que els pot suposar multes, dissoluci\u00f3 o la inhabilitaci\u00f3. La p\u00f2lissa de Responsabilitat Civil de Directius cobreix la defensa penal de la societat.<\/span><\/p>\n<p><span style=\"font-size: 12pt\">A <a href=\"https:\/\/ollerbrokers.com\/ca\/\"><u>Oller Brokers<\/u><\/a> t\u2019oferim una <strong>asseguran\u00e7a per a directius<\/strong> que compleix amb una correcta pol\u00edtica i an\u00e0lisi de subscripci\u00f3 dels riscos que puguin afectar a la teva empresa.<\/span><\/p>\n<p><span style=\"font-size: 12pt\"><em>Escrit per: Montse Alvarez, Client Account Manager<\/em><\/span><\/p>\n<span class=\"et_bloom_bottom_trigger\"><\/span>","protected":false},"excerpt":{"rendered":"<p>Cada vegada que t\u2019ascendeixen a la teva empresa, \u00e9s un reconeixement al teu esfor\u00e7, dedicaci\u00f3 i responsabilitat en les tasques assignades. Aquest ascens el celebres amb els teus, ja que suposa millor sou i m\u00e9s avantatges que repercutiran en un millor estatus social. Per\u00f2, t\u2019imagines perdre-ho tot? Les assegurances per a directius protegeixen el teu [&hellip;]<\/p>\n","protected":false},"author":5,"featured_media":6534,"comment_status":"open","ping_status":"open","sticky":false,"template":"","format":"standard","meta":{"_et_pb_use_builder":"","_et_pb_old_content":"","_et_gb_content_width":"","footnotes":""},"categories":[29,49],"tags":[37,91],"class_list":["post-6533","post","type-post","status-publish","format-standard","has-post-thumbnail","hentry","category-assegurances-per-empreses","category-asseguranca-de-responsabilitat-civil","tag-assegurances-empreses","tag-assegurances-per-a-directius"],"_links":{"self":[{"href":"https:\/\/ollerbrokers.com\/ca\/wp-json\/wp\/v2\/posts\/6533","targetHints":{"allow":["GET"]}}],"collection":[{"href":"https:\/\/ollerbrokers.com\/ca\/wp-json\/wp\/v2\/posts"}],"about":[{"href":"https:\/\/ollerbrokers.com\/ca\/wp-json\/wp\/v2\/types\/post"}],"author":[{"embeddable":true,"href":"https:\/\/ollerbrokers.com\/ca\/wp-json\/wp\/v2\/users\/5"}],"replies":[{"embeddable":true,"href":"https:\/\/ollerbrokers.com\/ca\/wp-json\/wp\/v2\/comments?post=6533"}],"version-history":[{"count":3,"href":"https:\/\/ollerbrokers.com\/ca\/wp-json\/wp\/v2\/posts\/6533\/revisions"}],"predecessor-version":[{"id":6537,"href":"https:\/\/ollerbrokers.com\/ca\/wp-json\/wp\/v2\/posts\/6533\/revisions\/6537"}],"wp:featuredmedia":[{"embeddable":true,"href":"https:\/\/ollerbrokers.com\/ca\/wp-json\/wp\/v2\/media\/6534"}],"wp:attachment":[{"href":"https:\/\/ollerbrokers.com\/ca\/wp-json\/wp\/v2\/media?parent=6533"}],"wp:term":[{"taxonomy":"category","embeddable":true,"href":"https:\/\/ollerbrokers.com\/ca\/wp-json\/wp\/v2\/categories?post=6533"},{"taxonomy":"post_tag","embeddable":true,"href":"https:\/\/ollerbrokers.com\/ca\/wp-json\/wp\/v2\/tags?post=6533"}],"curies":[{"name":"wp","href":"https:\/\/api.w.org\/{rel}","templated":true}]}}