{"id":7529,"date":"2019-04-23T09:52:50","date_gmt":"2019-04-23T09:52:50","guid":{"rendered":"http:\/\/ollerbrokers.com\/?p=7529"},"modified":"2019-04-23T09:52:50","modified_gmt":"2019-04-23T09:52:50","slug":"22-dabril-dia-de-la-mare-terra-asseguranca-de-responsabilitat-mediambiental","status":"publish","type":"post","link":"https:\/\/ollerbrokers.com\/ca\/22-dabril-dia-de-la-mare-terra-asseguranca-de-responsabilitat-mediambiental\/","title":{"rendered":"22 d\u2019abril, dia de la Mare Terra; asseguran\u00e7a de Responsabilitat Mediambiental"},"content":{"rendered":"<p>Ahir, 22 d\u2019abril, va ser el Dia Internacional de la Mare Terra. Les noticies no paren d\u2019alertar-nos de cat\u00e0strofes arreu del m\u00f3n, sembla que la natura s\u2019hagi tornat boja. Per\u00f2 potser \u00e9s la reacci\u00f3 normal un cop que l\u2019\u00e9sser hum\u00e0 hagi contribu\u00eft a malgastar i destruir els recursos naturals. La Responsabilitat Mediambiental sembla no estar en el seu millor moment.<\/p>\n<p>La creixent preocupaci\u00f3 per salvaguardar l\u2019estat natural, flora i fauna, fa veure que ara la societat ja \u00e9s conscient \u00a0d\u2019aquest dany que\u00a0 durant anys hem anat fent. \u00c9s per aquest motiu que empreses i governs es posen d\u2019acord en pol\u00edtiques i Lleis que ajudin a mantenir i gestionar el risc mediambiental.<\/p>\n<p>La Llei 26\/2007 del 23 d\u2019octubre, va crear un precedent a Europa, on no nom\u00e9s l\u2019empresa era responsable de pagar pel dany provocat als recursos naturals, sin\u00f3 tamb\u00e9 havia de reparar de tal manera que es pogu\u00e9s restablir l\u2019ordre natural dels elements en la situaci\u00f3 anterior al dany.<\/p>\n<p>Despr\u00e9s de la Llei la seva adaptaci\u00f3 a trav\u00e9s de diferents Ordres Ministerials han donat lloc a un calendari gradual per l\u2019exig\u00e8ncia d\u2019una garantia financera a aquelles empreses que segons les seves activitats tinguin un alt risc de contaminaci\u00f3.<\/p>\n<h2>La naturalesa necessita de la nostra Responsabilitat Mediambiental<\/h2>\n<p>Aquesta Garantia Financera es pot transferir al mercat assegurador a trav\u00e9s d\u2019una <strong><a href=\"https:\/\/ollerbrokers.com\/ca\/assegurances-empreses\/responsabilitat-civil\/mediambiental\/\">p\u00f2lissa de Responsabilitat Mediambiental.<\/a><\/strong><\/p>\n<p>Per\u00f2 realment, no caldria cap Llei si tothom tingu\u00e9s plena consci\u00e8ncia del fet que hem de protegir i mantenir la natura, ja que \u00e9s part de la nostre pr\u00f2pia subsist\u00e8ncia. L\u2019\u00e9sser hum\u00e0 ha d\u2019entendre que necessitem dels recursos naturals, que per molt insignificant que ho veiem i sense import\u00e0ncia, l\u2019equilibri mediambiental \u00e9s el que ens ajuda a sobreviure.<\/p>\n<p>Per posar un exemple, el simple fet de no tenir suficients abelles ha creat un perjudici en el m\u00f3n de l\u2019agricultura. Un simple insecte ha posat en situaci\u00f3 d\u2019alerta a tota una comunitat d\u2019agricultors, que s\u00f3n els productors d\u2019aliments per persones, per tant, ens estem limitant el nostre propi aliment.<\/p>\n<p>Ens creiem els \u00e9ssers superiors de la cadena, som capa\u00e7os d\u2019enviar coets i sat\u00e8l\u00b7lits al m\u00f3n exterior. Som tant intel\u00b7ligents que podem crear m\u00e0quines que ens facin la nostre feina, que fins i tot pensin per nosaltres&#8230; Realment aix\u00f2 ens ajudar\u00e0?<\/p>\n<p>Hem de crear un m\u00f3n millor, ajudar a la reestructuraci\u00f3 dels boscos amb plantes aut\u00f2ctones de cada zona per tal de millorar la qualitat del s\u00f2l i tamb\u00e9 de l\u2019aire. Procurar ser m\u00e9s eficients energ\u00e8ticament per no empobrir els recursos i aprofitar aquelles fonts d\u2019energia que s\u00f3n netes, com pot ser l\u2019energia del sol o de l\u2019aire.<\/p>\n<p>Sembla una situaci\u00f3 id\u00edl\u00b7lica, per\u00f2 realment si cada un de nosaltres posa el seu granet de sorra, segur que s\u2019aconsegueix.<\/p>\n<p>Les empreses tenen un paper molt important en tota aquesta trama. Segons l\u2019\u00faltim estudi de la confer\u00e8ncia de DAVOS, una de les preocupacions m\u00e9s grans per les empreses s\u00f3n els riscos mediambientals, que poden posar en entredit la continu\u00eftat dels seus negocis. La por a aquesta p\u00e8rdua, de no sobreviure davant una cat\u00e0strofe natural, fa que les empreses tamb\u00e9 vetllin per un canvi.<\/p>\n<p>El sector productiu, com per exemple de fabricaci\u00f3 de roba d\u2019abric\u00a0 vegi que l\u2019escalfament de la terra faci que les seves ventes es redueixin.<\/p>\n<p>El sector pesquer on cada cop \u00e9s m\u00e9s dif\u00edcil trobar peixos de qualitat, i que no estiguin contaminats.<\/p>\n<p>El sector tur\u00edstic afectat per zones d\u2019alt risc de sunamis o huracans.<\/p>\n<p>El sector primari, on les collites es vegin afectades per plagues o s\u00e8quies.<\/p>\n<p>Saber que el medi ambient \u00e9s tamb\u00e9 part de la nostre vida, i que amb petits gestos podem millorar-ho far\u00e0 que finalment el puguem restablir.<\/p>\n<p><a href=\"https:\/\/ollerbrokers.com\/ca\/\">Oller Brokers<\/a> aposta per aquesta millora, per aix\u00f2 hem redu\u00eft el consum de paper a les nostres oficines, els nostres equips inform\u00e0tics s\u00f3n baix consum i utilitzem energies alternatives per a posar el nostre granet de sorra.<\/p>\n<p><em>Escrit per: Montse Alvarez, Client Account Manager<\/em><\/p>\n<span class=\"et_bloom_bottom_trigger\"><\/span>","protected":false},"excerpt":{"rendered":"<p>Ahir, 22 d\u2019abril, va ser el Dia Internacional de la Mare Terra. Les noticies no paren d\u2019alertar-nos de cat\u00e0strofes arreu del m\u00f3n, sembla que la natura s\u2019hagi tornat boja. Per\u00f2 potser \u00e9s la reacci\u00f3 normal un cop que l\u2019\u00e9sser hum\u00e0 hagi contribu\u00eft a malgastar i destruir els recursos naturals. La Responsabilitat Mediambiental sembla no estar [&hellip;]<\/p>\n","protected":false},"author":5,"featured_media":7530,"comment_status":"open","ping_status":"open","sticky":false,"template":"","format":"standard","meta":{"_et_pb_use_builder":"","_et_pb_old_content":"","_et_gb_content_width":"","footnotes":""},"categories":[29],"tags":[40,110],"class_list":["post-7529","post","type-post","status-publish","format-standard","has-post-thumbnail","hentry","category-assegurances-per-empreses","tag-corredor-dassegurances-empreses","tag-responsabilitat-mediambiental"],"_links":{"self":[{"href":"https:\/\/ollerbrokers.com\/ca\/wp-json\/wp\/v2\/posts\/7529","targetHints":{"allow":["GET"]}}],"collection":[{"href":"https:\/\/ollerbrokers.com\/ca\/wp-json\/wp\/v2\/posts"}],"about":[{"href":"https:\/\/ollerbrokers.com\/ca\/wp-json\/wp\/v2\/types\/post"}],"author":[{"embeddable":true,"href":"https:\/\/ollerbrokers.com\/ca\/wp-json\/wp\/v2\/users\/5"}],"replies":[{"embeddable":true,"href":"https:\/\/ollerbrokers.com\/ca\/wp-json\/wp\/v2\/comments?post=7529"}],"version-history":[{"count":2,"href":"https:\/\/ollerbrokers.com\/ca\/wp-json\/wp\/v2\/posts\/7529\/revisions"}],"predecessor-version":[{"id":7533,"href":"https:\/\/ollerbrokers.com\/ca\/wp-json\/wp\/v2\/posts\/7529\/revisions\/7533"}],"wp:featuredmedia":[{"embeddable":true,"href":"https:\/\/ollerbrokers.com\/ca\/wp-json\/wp\/v2\/media\/7530"}],"wp:attachment":[{"href":"https:\/\/ollerbrokers.com\/ca\/wp-json\/wp\/v2\/media?parent=7529"}],"wp:term":[{"taxonomy":"category","embeddable":true,"href":"https:\/\/ollerbrokers.com\/ca\/wp-json\/wp\/v2\/categories?post=7529"},{"taxonomy":"post_tag","embeddable":true,"href":"https:\/\/ollerbrokers.com\/ca\/wp-json\/wp\/v2\/tags?post=7529"}],"curies":[{"name":"wp","href":"https:\/\/api.w.org\/{rel}","templated":true}]}}